{"id":1027,"date":"2021-01-01T11:17:36","date_gmt":"2021-01-01T10:17:36","guid":{"rendered":"https:\/\/www.caue06.fr\/wp\/?p=1027"},"modified":"2021-05-01T12:43:51","modified_gmt":"2021-05-01T10:43:51","slug":"concertation-sur-le-port-de-nice","status":"publish","type":"post","link":"https:\/\/www.caue06.fr\/wp\/concertation-sur-le-port-de-nice\/","title":{"rendered":"Concertation sur le port de Nice"},"content":{"rendered":"","protected":false},"excerpt":{"rendered":"<p>Le CAUE 06 a organis\u00e9 le jeudi 28 novembre 2019 une concertation sur le PORT DE NICE avec La M\u00e9tropole Nice C\u00f4te d&rsquo;Azur,<\/p>\n","protected":false},"author":8,"featured_media":1043,"comment_status":"closed","ping_status":"closed","sticky":false,"template":"","format":"standard","meta":{"footnotes":""},"categories":[21,8],"tags":[],"class_list":["post-1027","post","type-post","status-publish","format-standard","has-post-thumbnail","hentry","category-article","category-urbanisme"],"_links":{"self":[{"href":"https:\/\/www.caue06.fr\/wp\/wp-json\/wp\/v2\/posts\/1027","targetHints":{"allow":["GET"]}}],"collection":[{"href":"https:\/\/www.caue06.fr\/wp\/wp-json\/wp\/v2\/posts"}],"about":[{"href":"https:\/\/www.caue06.fr\/wp\/wp-json\/wp\/v2\/types\/post"}],"author":[{"embeddable":true,"href":"https:\/\/www.caue06.fr\/wp\/wp-json\/wp\/v2\/users\/8"}],"replies":[{"embeddable":true,"href":"https:\/\/www.caue06.fr\/wp\/wp-json\/wp\/v2\/comments?post=1027"}],"version-history":[{"count":3,"href":"https:\/\/www.caue06.fr\/wp\/wp-json\/wp\/v2\/posts\/1027\/revisions"}],"predecessor-version":[{"id":3183,"href":"https:\/\/www.caue06.fr\/wp\/wp-json\/wp\/v2\/posts\/1027\/revisions\/3183"}],"wp:featuredmedia":[{"embeddable":true,"href":"https:\/\/www.caue06.fr\/wp\/wp-json\/wp\/v2\/media\/1043"}],"wp:attachment":[{"href":"https:\/\/www.caue06.fr\/wp\/wp-json\/wp\/v2\/media?parent=1027"}],"wp:term":[{"taxonomy":"category","embeddable":true,"href":"https:\/\/www.caue06.fr\/wp\/wp-json\/wp\/v2\/categories?post=1027"},{"taxonomy":"post_tag","embeddable":true,"href":"https:\/\/www.caue06.fr\/wp\/wp-json\/wp\/v2\/tags?post=1027"}],"curies":[{"name":"wp","href":"https:\/\/api.w.org\/{rel}","templated":true}]}}